{"id":1580,"date":"2024-06-20T11:59:08","date_gmt":"2024-06-20T15:59:08","guid":{"rendered":"https:\/\/gadconvento.gob.ec\/?p=1580"},"modified":"2024-06-20T11:59:08","modified_gmt":"2024-06-20T15:59:08","slug":"consejo-de-planificacion","status":"publish","type":"post","link":"https:\/\/gadconvento.gob.ec\/?p=1580","title":{"rendered":"CONSEJO DE PLANIFICACION"},"content":{"rendered":"<p><span style=\"color: #333333;\"><strong><em>CONSEJO DE PLANIFICACI\u00d2N <\/em><\/strong><\/span><\/p>\n<p><span style=\"color: #333333;\"><strong><em>ADMINISTRACI\u00d2N 2023 &#8211; 2027<\/em><\/strong><\/span><\/p>\n<p>&nbsp;<\/p>\n<p>Srta. Carmen Cecibeth Celorio Pita<\/p>\n<p><strong>Presidente del Consejo de Planificaci\u00f3n Parroquial <\/strong><\/p>\n<p>Sra. Yesenia Luna Alc\u00edvar<\/p>\n<p><strong>Vocal principal del GAD Parroquial\u00a0 <\/strong><\/p>\n<p>&nbsp;<\/p>\n<p>Ing. Karen Siboney Alc\u00edvar Loor Mgs.<\/p>\n<p><strong>Secretaria Consejo de Planificaci\u00f3n Parroquial\u00a0\u00a0\u00a0\u00a0 <\/strong><\/p>\n<p><strong>\u00a0<\/strong><strong>\u00a0<\/strong><\/p>\n<p>Sr. Ram\u00f3n Bone Vera<\/p>\n<p><strong>Delgado de la Ciudadan\u00eda (GASPAR)<\/strong><\/p>\n<p>&nbsp;<\/p>\n<p>Sr. Alberto Moreira Slavatierra<\/p>\n<p><strong>Delgado de la Ciudadan\u00eda (MANTA BLANCA 2)<\/strong><\/p>\n<p><strong>\u00a0<\/strong><\/p>\n<p>Sr. Delver Cusme Zambrano<\/p>\n<p><strong>Delgado de la Ciudadan\u00eda (JAP\u00d2N)<\/strong><\/p>\n<p>&nbsp;<\/p>\n<p><em><strong>ELECCION DEL CONSEJO DE PLANIFICACION\u00a0<\/strong><\/em><\/p>\n<p><strong> <img loading=\"lazy\" decoding=\"async\" class=\"alignnone wp-image-1583\" src=\"https:\/\/gadconvento.gob.ec\/wp-content\/uploads\/2024\/06\/IMG_20230628_154705-550x413.jpg\" alt=\"\" width=\"332\" height=\"249\" srcset=\"https:\/\/gadconvento.gob.ec\/wp-content\/uploads\/2024\/06\/IMG_20230628_154705-550x413.jpg 550w, https:\/\/gadconvento.gob.ec\/wp-content\/uploads\/2024\/06\/IMG_20230628_154705-1024x768.jpg 1024w, https:\/\/gadconvento.gob.ec\/wp-content\/uploads\/2024\/06\/IMG_20230628_154705-768x576.jpg 768w, https:\/\/gadconvento.gob.ec\/wp-content\/uploads\/2024\/06\/IMG_20230628_154705-1536x1152.jpg 1536w, https:\/\/gadconvento.gob.ec\/wp-content\/uploads\/2024\/06\/IMG_20230628_154705-2048x1536.jpg 2048w\" sizes=\"auto, (max-width: 332px) 100vw, 332px\" \/><\/strong><\/p>\n<p><strong><em>REUNIONES CON EL CONSEJO DE PLANIFICACI\u00d2N<\/em><\/strong><\/p>\n<p><img loading=\"lazy\" decoding=\"async\" class=\"alignnone wp-image-1584\" src=\"https:\/\/gadconvento.gob.ec\/wp-content\/uploads\/2024\/06\/IMG_20231031_114010-550x413.jpg\" alt=\"\" width=\"334\" height=\"251\" srcset=\"https:\/\/gadconvento.gob.ec\/wp-content\/uploads\/2024\/06\/IMG_20231031_114010-550x413.jpg 550w, https:\/\/gadconvento.gob.ec\/wp-content\/uploads\/2024\/06\/IMG_20231031_114010-1024x768.jpg 1024w, https:\/\/gadconvento.gob.ec\/wp-content\/uploads\/2024\/06\/IMG_20231031_114010-768x576.jpg 768w, https:\/\/gadconvento.gob.ec\/wp-content\/uploads\/2024\/06\/IMG_20231031_114010-1536x1152.jpg 1536w, https:\/\/gadconvento.gob.ec\/wp-content\/uploads\/2024\/06\/IMG_20231031_114010-2048x1536.jpg 2048w\" sizes=\"auto, (max-width: 334px) 100vw, 334px\" \/><img loading=\"lazy\" decoding=\"async\" class=\"alignnone wp-image-1585\" src=\"https:\/\/gadconvento.gob.ec\/wp-content\/uploads\/2024\/06\/IMG_20230706_090748-550x413.jpg\" alt=\"\" width=\"335\" height=\"252\" srcset=\"https:\/\/gadconvento.gob.ec\/wp-content\/uploads\/2024\/06\/IMG_20230706_090748-550x413.jpg 550w, https:\/\/gadconvento.gob.ec\/wp-content\/uploads\/2024\/06\/IMG_20230706_090748-1024x768.jpg 1024w, https:\/\/gadconvento.gob.ec\/wp-content\/uploads\/2024\/06\/IMG_20230706_090748-768x576.jpg 768w, https:\/\/gadconvento.gob.ec\/wp-content\/uploads\/2024\/06\/IMG_20230706_090748-1536x1152.jpg 1536w, https:\/\/gadconvento.gob.ec\/wp-content\/uploads\/2024\/06\/IMG_20230706_090748-2048x1536.jpg 2048w\" sizes=\"auto, (max-width: 335px) 100vw, 335px\" \/><\/p>\n","protected":false},"excerpt":{"rendered":"<p>CONSEJO DE PLANIFICACI\u00d2N ADMINISTRACI\u00d2N 2023 &#8211; 2027 &nbsp; Srta. Carmen Cecibeth Celorio Pita Presidente del Consejo de Planificaci\u00f3n Parroquial Sra. Yesenia Luna Alc\u00edvar Vocal principal del GAD Parroquial\u00a0 &nbsp; Ing. Karen Siboney Alc\u00edvar Loor Mgs. Secretaria Consejo de Planificaci\u00f3n Parroquial\u00a0\u00a0\u00a0\u00a0 \u00a0\u00a0 Sr. Ram\u00f3n Bone Vera Delgado de la Ciudadan\u00eda (GASPAR) &nbsp; Sr. Alberto Moreira Slavatierra&hellip;<\/p>\n","protected":false},"author":9,"featured_media":0,"comment_status":"closed","ping_status":"closed","sticky":false,"template":"","format":"standard","meta":{"_joinchat":[]},"categories":[1],"tags":[],"class_list":["post-1580","post","type-post","status-publish","format-standard","hentry","category-noticias","category-1","description-off"],"_links":{"self":[{"href":"https:\/\/gadconvento.gob.ec\/index.php?rest_route=\/wp\/v2\/posts\/1580","targetHints":{"allow":["GET"]}}],"collection":[{"href":"https:\/\/gadconvento.gob.ec\/index.php?rest_route=\/wp\/v2\/posts"}],"about":[{"href":"https:\/\/gadconvento.gob.ec\/index.php?rest_route=\/wp\/v2\/types\/post"}],"author":[{"embeddable":true,"href":"https:\/\/gadconvento.gob.ec\/index.php?rest_route=\/wp\/v2\/users\/9"}],"replies":[{"embeddable":true,"href":"https:\/\/gadconvento.gob.ec\/index.php?rest_route=%2Fwp%2Fv2%2Fcomments&post=1580"}],"version-history":[{"count":4,"href":"https:\/\/gadconvento.gob.ec\/index.php?rest_route=\/wp\/v2\/posts\/1580\/revisions"}],"predecessor-version":[{"id":1587,"href":"https:\/\/gadconvento.gob.ec\/index.php?rest_route=\/wp\/v2\/posts\/1580\/revisions\/1587"}],"wp:attachment":[{"href":"https:\/\/gadconvento.gob.ec\/index.php?rest_route=%2Fwp%2Fv2%2Fmedia&parent=1580"}],"wp:term":[{"taxonomy":"category","embeddable":true,"href":"https:\/\/gadconvento.gob.ec\/index.php?rest_route=%2Fwp%2Fv2%2Fcategories&post=1580"},{"taxonomy":"post_tag","embeddable":true,"href":"https:\/\/gadconvento.gob.ec\/index.php?rest_route=%2Fwp%2Fv2%2Ftags&post=1580"}],"curies":[{"name":"wp","href":"https:\/\/api.w.org\/{rel}","templated":true}]}}